{"id":8779,"date":"2026-03-08T08:00:00","date_gmt":"2026-03-08T08:00:00","guid":{"rendered":"https:\/\/quepaz.cc\/?p=8779"},"modified":"2026-03-26T17:55:55","modified_gmt":"2026-03-26T17:55:55","slug":"para-alem-do-8-de-marco-o-impacto-da-sobrecarga-na-regulacao-emocional-feminina","status":"publish","type":"post","link":"https:\/\/quepaz.cc\/index.php\/2026\/03\/08\/para-alem-do-8-de-marco-o-impacto-da-sobrecarga-na-regulacao-emocional-feminina\/","title":{"rendered":"Para al\u00e9m do 8 de mar\u00e7o: O impacto da sobrecarga na regula\u00e7\u00e3o emocional feminina"},"content":{"rendered":"\n<p class=\"has-text-align-right has-text-color has-link-color has-small-font-size wp-elements-cb17ae95dc710d571957513770de56f4\" style=\"color:#373737;margin-top:20;margin-right:20;margin-bottom:20;margin-left:20\"><em>As abas do navegador nunca fecham. \u00c9 a consulta dos filhos, o<\/em><br><em>prazo do projeto, o estoque da despensa e a harmonia das <\/em><br><em>rela\u00e7\u00f5es, mesmo n\u00e3o querendo ou concordando. A sociedade<\/em><br><em>v\u00ea essa sobrecarga cognitiva como um talento natural, mas<\/em><br><em>n\u00f3s sabemos o custo dessa gest\u00e3o constante. N\u00e3o \u00e9 dom;<\/em><br><em>\u00e9 uma exaust\u00e3o que precisa ser nomeada.<\/em><\/p>\n\n\n\n<p><\/p>\n\n\n\n<div style=\"height:25px\" aria-hidden=\"true\" class=\"wp-block-spacer\"><\/div>\n\n\n\n<h2 class=\"wp-block-heading\" style=\"font-size:26px\"><strong>Dia 8 de mar\u00e7o: o que significa o Dia Internacional da Mulher?<\/strong><\/h2>\n\n\n\n<h3 class=\"wp-block-heading\" style=\"font-size:20px\"><strong>O que essa data celebra e por que ela se tornou um marco<\/strong><\/h3>\n\n\n\n<p>No dia <strong>8 de mar\u00e7o<\/strong>, celebramos o <strong>Dia Internacional da Mulher<\/strong> \ud83e\uddd7\u200d\u2640\ufe0f uma data que vai muito al\u00e9m de homenagens simb\u00f3licas. \u00c9 um marco de mem\u00f3ria e de luta, que lembra o caminho percorrido por direitos, reconhecimento e dignidade, e tamb\u00e9m o quanto ainda precisamos avan\u00e7ar para que a vida das mulheres seja, de fato, mais segura, respeitada e valorizada.&nbsp;<\/p>\n\n\n\n<p>A luta das mulheres ajudou a abrir caminho para conquistas importantes, como: a <strong>Lei Maria da Penha<\/strong>, no enfrentamento \u00e0 viol\u00eancia dom\u00e9stica, e a amplia\u00e7\u00e3o de <strong>direitos trabalhistas<\/strong>. E nada disso veio \u201csimples\u201d: cada passo foi resultado de engajamento coletivo, resist\u00eancia e inspira\u00e7\u00e3o compartilhada entre gera\u00e7\u00f5es.&nbsp;<\/p>\n\n\n\n<div style=\"height:25px\" aria-hidden=\"true\" class=\"wp-block-spacer\"><\/div>\n\n\n\n<h3 class=\"wp-block-heading\" style=\"font-size:20px\"><strong>Os desafios que mostram por que essa conversa ainda \u00e9 necess\u00e1ria<\/strong><\/h3>\n\n\n\n<p>Mesmo assim, seguimos enfrentando problemas e desafios que exigem aten\u00e7\u00e3o e prote\u00e7\u00e3o. Por isso, al\u00e9m de refletir, em muitos contextos precisamos <strong>agir<\/strong> &#8211; seja diante da vulnerabilidade social e da viol\u00eancia dom\u00e9stica, seja diante de dores mais invis\u00edveis, do desgaste cotidiano e de um sofrimento que vai se acumulando em sil\u00eancio.<\/p>\n\n\n\n<p>A carga mental e a sobrecarga dom\u00e9stica continuam a atravessar a experi\u00eancia feminina de forma desproporcional. &#8216;Dar conta de tudo&#8217; n\u00e3o \u00e9 dom; \u00e9 um peso cultural que asfixia a sa\u00fade mental e gera um cansa\u00e7o que o sono n\u00e3o \u00e9 capaz de curar.&nbsp;<\/p>\n\n\n\n<p>O reconhecimento que buscamos est\u00e1 em dividir a carga, n\u00e3o em ser &#8216;multitarefa&#8217;. Seu cansa\u00e7o \u00e9 f\u00edsico ou mental por carregar o mundo nas costas? Vamos investigar isso agora. <strong>Continue a leitura.<\/strong>&nbsp;<\/p>\n\n\n\n<div style=\"height:25px\" aria-hidden=\"true\" class=\"wp-block-spacer\"><\/div>\n\n\n\n<p style=\"font-size:20px\"><strong>O que \u00e9 o mito da mulher multitarefa?<\/strong><\/p>\n\n\n\n<p>A ideia de que a mulher nasceu com um \u201cdom\u201d \u2014 ou uma motiva\u00e7\u00e3o inesgot\u00e1vel \u2014 para fazer mil coisas ao mesmo tempo, \u00e9 um dos mitos mais nocivos para a sa\u00fade mental. O que muitas vezes \u00e9 chamado de \u201ctalento natural\u201d costuma ser, na pr\u00e1tica, uma <strong>sobrecarga invis\u00edvel<\/strong>, que se acumula e vai normalizando o excesso.<\/p>\n\n\n\n<p>\u00c9 a\u00ed que entra uma pergunta frequente e dolorosa: por que tantas mulheres se sentem culpadas quando n\u00e3o est\u00e3o produzindo, resolvendo algo ou cuidando de algu\u00e9m? Essa culpa n\u00e3o \u00e9 um defeito individual, nem falta de for\u00e7a de vontade. Ela \u00e9 um reflexo de um aprendizado cultural profundo, que associa valor pessoal \u00e0 utilidade e coloca a disponibilidade constante como regra.<\/p>\n\n\n\n<div style=\"height:25px\" aria-hidden=\"true\" class=\"wp-block-spacer\"><\/div>\n\n\n\n<h3 class=\"wp-block-heading\" style=\"font-size:20px\"><strong>Os impactos emocionais e mentais da sobrecarga constante<\/strong><\/h3>\n\n\n\n<p>Quando a mulher tenta descansar, a mente cobra como se pausa fosse erro &#8211; e n\u00e3o uma necessidade. S\u00f3 que autocuidado n\u00e3o \u00e9 pr\u00eamio por desempenho: \u00e9 condi\u00e7\u00e3o m\u00ednima para o corpo e para a mente funcionarem com sa\u00fade.<\/p>\n\n\n\n<p>E a\u00ed, quando tentamos descansar, a mente cobra como se pausa fosse falha. Mas descansar n\u00e3o \u00e9 luxo &#8211; \u00e9 uma necessidade do corpo e da mente, t\u00e3o b\u00e1sica quanto comer e dormir.<\/p>\n\n\n\n<div style=\"height:25px\" aria-hidden=\"true\" class=\"wp-block-spacer\"><\/div>\n\n\n\n<h2 class=\"wp-block-heading\" style=\"font-size:26px\"><strong>O que \u00e9 carga mental?<\/strong><\/h2>\n\n\n\n<p>Carga mental \u00e9 aquele <strong>trabalho invis\u00edvel de pensar por todo mundo<\/strong>. N\u00e3o \u00e9 s\u00f3 \u201cfazer as coisas\u201d &#8211; \u00e9 <strong>lembrar<\/strong>, <strong>planejar<\/strong>, <strong>antecipar<\/strong>, <strong>organizar<\/strong>, <strong>resolver<\/strong> e <strong>n\u00e3o deixar nada cair<\/strong>.<\/p>\n\n\n\n<p>\u00c9 quando a cabe\u00e7a fica encarregada de manter a vida funcionando: o que est\u00e1 faltando em casa, o que precisa ser comprado, quem tem consulta, qual prazo est\u00e1 estourando, o que precisa ser pago, qual conversa dif\u00edcil est\u00e1 pendente, como est\u00e1 o clima emocional da fam\u00edlia, quem pode estar precisando de aten\u00e7\u00e3o. Mesmo quando o corpo para, a mente continua \u201cem servi\u00e7o\u201d.<\/p>\n\n\n\n<p>E o mais cansativo \u00e9 que isso costuma ser tratado como qualidade:&nbsp;<\/p>\n\n\n\n<ul class=\"wp-block-list\">\n<li>\u201cEla \u00e9 \u00f3tima!\u201d&nbsp;<\/li>\n\n\n\n<li>\u201cD\u00e1 conta de tudo!\u201d<\/li>\n\n\n\n<li>Faz tudo sozinha e nem reclama!!\u201d&nbsp;<\/li>\n<\/ul>\n\n\n\n<div style=\"height:30px\" aria-hidden=\"true\" class=\"wp-block-spacer\"><\/div>\n\n\n\n<figure class=\"wp-block-image size-large is-resized\"><img fetchpriority=\"high\" decoding=\"async\" width=\"1024\" height=\"683\" src=\"https:\/\/quepaz.cc\/wp-content\/uploads\/2026\/03\/image-2-1024x683.png\" alt=\"\" class=\"wp-image-8782\" style=\"width:536px;height:auto\" srcset=\"https:\/\/quepaz.cc\/wp-content\/uploads\/2026\/03\/image-2-1024x683.png 1024w, https:\/\/quepaz.cc\/wp-content\/uploads\/2026\/03\/image-2-300x200.png 300w, https:\/\/quepaz.cc\/wp-content\/uploads\/2026\/03\/image-2-768x512.png 768w, https:\/\/quepaz.cc\/wp-content\/uploads\/2026\/03\/image-2.png 1536w\" sizes=\"(max-width: 1024px) 100vw, 1024px\" \/><\/figure>\n\n\n\n<div style=\"height:30px\" aria-hidden=\"true\" class=\"wp-block-spacer\"><\/div>\n\n\n\n<h2 class=\"wp-block-heading\" style=\"font-size:26px\"><strong>Sinais de desregula\u00e7\u00e3o emocional, na pr\u00e1tica (como aparece no universo feminino)<\/strong><\/h2>\n\n\n\n<p>Quando a vida exige da mulher um estado constante de \u201cdar conta\u201d, o sistema emocional vai perdendo margem. Na pr\u00e1tica, a desregula\u00e7\u00e3o emocional costuma aparecer assim:<\/p>\n\n\n\n<ul class=\"wp-block-list\">\n<li><strong>choro f\u00e1cil ou repentino<\/strong>, como se qualquer detalhe virasse \u201ca gota d\u2019\u00e1gua\u201d;<\/li>\n\n\n\n<li><strong>irrita\u00e7\u00e3o desproporcional<\/strong> quando algo sai do planejado, muda em cima da hora ou exige mais uma decis\u00e3o;<\/li>\n\n\n\n<li><strong>sensa\u00e7\u00e3o de n\u00e9voa mental<\/strong>, com dificuldade de pensar com clareza e escolher coisas simples;<\/li>\n\n\n\n<li><strong>travamento e procrastina\u00e7\u00e3o<\/strong>, n\u00e3o por pregui\u00e7a, mas por exaust\u00e3o acumulada;<\/li>\n\n\n\n<li><strong>hipervigil\u00e2ncia<\/strong>, como se a mente precisasse prever tudo o tempo inteiro;<\/li>\n\n\n\n<li><strong>queda de paci\u00eancia e respostas mais r\u00edspidas<\/strong>, seguidas de culpa;<\/li>\n\n\n\n<li><strong>ansiedade ao tentar descansar<\/strong>, como se pausa fosse sin\u00f4nimo de irresponsabilidade;<\/li>\n\n\n\n<li><strong>sensibilidade maior a cr\u00edticas e frustra\u00e7\u00f5es<\/strong>, porque a reserva emocional j\u00e1 est\u00e1 baixa.<\/li>\n<\/ul>\n\n\n\n<p>No Dia Internacional da Mulher, eles tamb\u00e9m nos lembram de algo importante: muitas vezes, o que parece um problema individual \u00e9, na verdade, o efeito de uma rotina e de expectativas sociais que ainda colocam sobre as mulheres a maioria do cuidado, do planejamento e da disponibilidade emocional.<\/p>\n\n\n\n<div style=\"height:25px\" aria-hidden=\"true\" class=\"wp-block-spacer\"><\/div>\n\n\n\n<h2 class=\"wp-block-heading\" style=\"font-size:26px\"><strong>O que realmente est\u00e1 drenando sua energia?<\/strong><\/h2>\n\n\n\n<p>Quando falamos sobre cansa\u00e7o feminino, \u00e9 comum pensar apenas em uma rotina cheia, em muitas tarefas ou na dificuldade de equilibrar trabalho, casa e rela\u00e7\u00f5es.<\/p>\n\n\n\n<p class=\"has-vivid-red-color has-text-color has-link-color wp-elements-2944918d043ddbc5be37d0b15d30aa23\"><strong>Nota: <\/strong>a exaust\u00e3o vai al\u00e9m da agenda lotada.<\/p>\n\n\n\n<div style=\"height:25px\" aria-hidden=\"true\" class=\"wp-block-spacer\"><\/div>\n\n\n\n<h3 class=\"wp-block-heading\" style=\"font-size:25px\"><strong>Fatores sociais e estruturais que tamb\u00e9m contribuem para o desgaste emocional das mulheres<\/strong><\/h3>\n\n\n\n<ul class=\"wp-block-list\">\n<li><strong>Situa\u00e7\u00f5es de viol\u00eancia dom\u00e9stica<\/strong>, que afetam diretamente a sensa\u00e7\u00e3o de seguran\u00e7a e bem-estar;<\/li>\n\n\n\n<li><strong>Depend\u00eancia financeira,<\/strong> que pode limitar escolhas e dificultar a busca por autonomia;<\/li>\n\n\n\n<li><strong>Jornadas de trabalho exaustivas,<\/strong> muitas vezes somadas \u00e0s responsabilidades da casa e do cuidado com outras pessoas;<\/li>\n\n\n\n<li><strong>Ass\u00e9dio ou desvaloriza\u00e7\u00e3o no ambiente de trabalho<\/strong>, que podem gerar inseguran\u00e7a, desgaste emocional e a sensa\u00e7\u00e3o constante de precisar provar mais compet\u00eancia;<\/li>\n\n\n\n<li><strong>Contextos de maior vulnerabilidade social,<\/strong> que tornam o acesso a apoio, recursos e oportunidades mais restrito;<\/li>\n\n\n\n<li><strong>Press\u00f5es est\u00e9ticas e sociais<\/strong>, que criam expectativas constantes sobre apar\u00eancia, comportamento e desempenho em diferentes \u00e1reas da vida;&nbsp;<\/li>\n\n\n\n<li><strong>Maternidade sem rede de apoio<\/strong>, quando a mulher precisa conciliar trabalho, cuidado com filhos e vida pessoal com pouca ou nenhuma ajuda<\/li>\n<\/ul>\n\n\n\n<p>Nesses casos, o cansa\u00e7o n\u00e3o \u00e9 apenas uma resposta ao excesso de tarefas, mas tamb\u00e9m pode ser um reflexo de viver em ambientes onde seguran\u00e7a, apoio ou reconhecimento ainda s\u00e3o insuficientes.<\/p>\n\n\n\n<p><strong><em>Se voc\u00ea conhece algu\u00e9m ou est\u00e1 sofrendo por algum tipo de viol\u00eancia (dom\u00e9stica, f\u00edsica, verbal ou psicol\u00f3gica), n\u00e3o se cale. Denuncie: disque 180 (Central da Mulher) ou 190 (Emerg\u00eancia).<\/em><\/strong><\/p>\n\n\n\n<div style=\"height:30px\" aria-hidden=\"true\" class=\"wp-block-spacer\"><\/div>\n\n\n\n<h2 class=\"wp-block-heading\" style=\"font-size:26px\"><strong>Mulheres sobrecarregadas: como praticar o autocuidado no dia a dia<\/strong><\/h2>\n\n\n\n<p>Quando pensamos em autocuidado, \u00e9 comum imaginar grandes mudan\u00e7as, pausas longas ou momentos ideais que raramente cabem na rotina real. Mas, na pr\u00e1tica, cuidar de si costuma come\u00e7ar de um jeito mais simples: em pequenos movimentos de aten\u00e7\u00e3o, limite e reorganiza\u00e7\u00e3o. Perceber o pr\u00f3prio cansa\u00e7o, reconhecer quando algo est\u00e1 pesado demais e rever prioridades j\u00e1 pode ser uma forma concreta de se cuidar.<\/p>\n\n\n\n<h3 class=\"wp-block-heading\" style=\"font-size:20px\"><strong>Pequenos ajustes que podem aliviar a sobrecarga<\/strong><\/h3>\n\n\n\n<ol class=\"wp-block-list\">\n<li><strong>Dividir tarefas da casa<\/strong> com quem mora com voc\u00ea, em vez de assumir tudo sozinha.<br><\/li>\n\n\n\n<li><strong>Evitar responder mensagens de trabalho fora do hor\u00e1rio<\/strong>, criando limites mais claros entre vida profissional e pessoal.<br><\/li>\n\n\n\n<li><strong>Dizer \u201choje n\u00e3o\u201d<\/strong> quando algu\u00e9m pede algo e voc\u00ea n\u00e3o pode ou simplesmente n\u00e3o quer fazer<br><\/li>\n\n\n\n<li><strong>Reservar um momento da semana que seja seu<\/strong>, mesmo que dure 10 minutos<br><\/li>\n\n\n\n<li><strong>Caminhar sem pressa<\/strong>, apenas para mudar o ritmo do dia.<br><\/li>\n\n\n\n<li><strong>Ler algumas p\u00e1ginas de um livro<\/strong> ou fazer algo que voc\u00ea goste.<br><\/li>\n\n\n\n<li><strong>Encontrar amigos ou pessoas queridas<\/strong> para conversar e compartilhar momentos leves.<br><\/li>\n\n\n\n<li><strong>Aproveitar alguns minutos de sil\u00eancio<\/strong>, sem demandas ou est\u00edmulos o tempo todo.<br><\/li>\n<\/ol>\n\n\n\n<p class=\"has-vivid-red-color has-text-color has-link-color wp-elements-17a05186b7e7d836b48ad364862ada51\"><strong>Ainda que o cen\u00e1rio n\u00e3o seja ideal, o que voc\u00ea consegue ajustar na sua rotina agora?<\/strong><\/p>\n\n\n\n<div style=\"height:25px\" aria-hidden=\"true\" class=\"wp-block-spacer\"><\/div>\n\n\n\n<h2 class=\"wp-block-heading\" style=\"font-size:26px\"><strong>Existir com autenticidade tamb\u00e9m \u00e9 uma forma de liberdade<\/strong><\/h2>\n\n\n\n<p>Em muitas etapas da vida, as mulheres aprendem a se adaptar, performar e ocupar pap\u00e9is que parecem necess\u00e1rios para serem aceitas, reconhecidas ou amadas. Por isso, recuperar a pr\u00f3pria identidade tamb\u00e9m pode ser um gesto profundo de liberdade.<\/p>\n\n\n\n<p>Ler sobre mulheres que encontraram formas de existir com mais autenticidade, ocupar espa\u00e7o e n\u00e3o abdicar de si pode abrir caminhos importantes de reflex\u00e3o.<\/p>\n\n\n\n<figure class=\"wp-block-image size-full\"><img decoding=\"async\" width=\"319\" height=\"400\" src=\"https:\/\/quepaz.cc\/wp-content\/uploads\/2026\/03\/image-1.png\" alt=\"\" class=\"wp-image-8781\" srcset=\"https:\/\/quepaz.cc\/wp-content\/uploads\/2026\/03\/image-1.png 319w, https:\/\/quepaz.cc\/wp-content\/uploads\/2026\/03\/image-1-239x300.png 239w\" sizes=\"(max-width: 319px) 100vw, 319px\" \/><\/figure>\n\n\n\n<p><a href=\"https:\/\/brenebrown.com\/articles\/2024\/07\/15\/ingrid-silva\">https:\/\/brenebrown.com\/articles\/2024\/07\/15\/ingrid-silva<\/a><\/p>\n\n\n\n<div style=\"height:25px\" aria-hidden=\"true\" class=\"wp-block-spacer\"><\/div>\n\n\n\n<h2 class=\"wp-block-heading\" style=\"font-size:26px\"><strong>Terapia para mulheres: cuidado emocional para quem vem segurando muita coisa<\/strong><\/h2>\n\n\n\n<p>Voc\u00ea sabia que existem psic\u00f3logas com escuta especializada em quest\u00f5es que atravessam a sa\u00fade mental das mulheres? Em alguns momentos, mesmo com o apoio de amigos, familiares ou parceiros, a sensa\u00e7\u00e3o de estar tentando equilibrar muitos pratinhos ao mesmo tempo, continua presente.<\/p>\n\n\n\n<p>Nessas fases, buscar apoio psicol\u00f3gico pode ser uma forma importante de cuidado. A terapia oferece um espa\u00e7o seguro para organizar pensamentos, compreender emo\u00e7\u00f5es e olhar com mais clareza para as press\u00f5es da vida cotidiana.<\/p>\n\n\n\n<p>Quando as demandas se acumulam por muito tempo, \u00e9 comum que corpo e emo\u00e7\u00f5es comecem a dar sinais de esgotamento, como mencionamos mais acima. A terapia, sozinha, n\u00e3o resolve todas as dores, mas pode ajudar a construir novas formas de lidar com elas, ampliar recursos emocionais e encontrar caminhos mais saud\u00e1veis para atravessar per\u00edodos mais exigentes.<\/p>\n\n\n\n<p>Espero que tenha feito sentido por a\u00ed \ud83d\ude42 <\/p>\n\n\n\n<p><em>Com carinho,&nbsp;<\/em><\/p>\n\n\n\n<p>Bel | Equipe Quepaz<\/p>\n","protected":false},"excerpt":{"rendered":"<p>As abas do navegador nunca fecham. \u00c9 a consulta dos filhos, oprazo do projeto, o estoque da despensa e a harmonia das rela\u00e7\u00f5es, mesmo n\u00e3o querendo ou concordando. A sociedadev\u00ea essa sobrecarga cognitiva como um talento natural, masn\u00f3s sabemos o custo dessa gest\u00e3o constante. N\u00e3o \u00e9 dom;\u00e9 uma exaust\u00e3o que precisa ser nomeada. Dia 8 [&hellip;]<\/p>\n","protected":false},"author":6,"featured_media":9148,"comment_status":"open","ping_status":"open","sticky":false,"template":"","format":"standard","meta":{"footnotes":""},"categories":[1],"tags":[],"class_list":["post-8779","post","type-post","status-publish","format-standard","has-post-thumbnail","hentry","category-sem-categoria"],"_links":{"self":[{"href":"https:\/\/quepaz.cc\/index.php\/wp-json\/wp\/v2\/posts\/8779","targetHints":{"allow":["GET"]}}],"collection":[{"href":"https:\/\/quepaz.cc\/index.php\/wp-json\/wp\/v2\/posts"}],"about":[{"href":"https:\/\/quepaz.cc\/index.php\/wp-json\/wp\/v2\/types\/post"}],"author":[{"embeddable":true,"href":"https:\/\/quepaz.cc\/index.php\/wp-json\/wp\/v2\/users\/6"}],"replies":[{"embeddable":true,"href":"https:\/\/quepaz.cc\/index.php\/wp-json\/wp\/v2\/comments?post=8779"}],"version-history":[{"count":7,"href":"https:\/\/quepaz.cc\/index.php\/wp-json\/wp\/v2\/posts\/8779\/revisions"}],"predecessor-version":[{"id":9151,"href":"https:\/\/quepaz.cc\/index.php\/wp-json\/wp\/v2\/posts\/8779\/revisions\/9151"}],"wp:featuredmedia":[{"embeddable":true,"href":"https:\/\/quepaz.cc\/index.php\/wp-json\/wp\/v2\/media\/9148"}],"wp:attachment":[{"href":"https:\/\/quepaz.cc\/index.php\/wp-json\/wp\/v2\/media?parent=8779"}],"wp:term":[{"taxonomy":"category","embeddable":true,"href":"https:\/\/quepaz.cc\/index.php\/wp-json\/wp\/v2\/categories?post=8779"},{"taxonomy":"post_tag","embeddable":true,"href":"https:\/\/quepaz.cc\/index.php\/wp-json\/wp\/v2\/tags?post=8779"}],"curies":[{"name":"wp","href":"https:\/\/api.w.org\/{rel}","templated":true}]}}