{"id":4757,"date":"2024-02-17T13:00:00","date_gmt":"2024-02-17T13:00:00","guid":{"rendered":"https:\/\/quepaz.cc\/?p=4757"},"modified":"2025-11-05T18:03:37","modified_gmt":"2025-11-05T18:03:37","slug":"pressao-estetica","status":"publish","type":"post","link":"https:\/\/quepaz.cc\/index.php\/2024\/02\/17\/pressao-estetica\/","title":{"rendered":"Press\u00e3o est\u00e9tica: o que o BBB pode nos ensinar?"},"content":{"rendered":"\n<p>Acreditamos que voc\u00ea j\u00e1 tenha refletido sobre a sua imagem corporal \ud83e\udd7a. Esse di\u00e1logo sobre <strong>press\u00e3o est\u00e9tica<\/strong> tem surgido nos \u00faltimos anos atrav\u00e9s das redes sociais, <strong>especialmente nesse in\u00edcio de 2024.<\/strong> <\/p>\n\n\n\n<p>O Big Brother Brasil 24 trouxe mais espa\u00e7o para o debate da tem\u00e1tica atrav\u00e9s de v\u00e1rios acontecimentos entre os participantes. A press\u00e3o est\u00e9tica atravessa a todos, <strong>principalmente mulheres<\/strong>, h\u00e1 diversos anos e continua gerando comportamentos de sofrimento e <strong>insatisfa\u00e7\u00e3o constante com o seu pr\u00f3prio corpo.&nbsp;<\/strong><\/p>\n\n\n\n<p>Com esse texto, queremos te convidar a embarcar nesse debate com a gente de forma leve e curiosa, mas muito consciente. \ud83e\udd70&nbsp; <\/p>\n\n\n\n<p>Vamos nessa? \ud83d\ude42<\/p>\n\n\n\n<h2 class=\"wp-block-heading\" id=\"h-rodriguinho-e-yasmin-brunnet\">Rodriguinho e Yasmin Brunnet<\/h2>\n\n\n\n<p>Se voc\u00ea estava esperando uma an\u00e1lise detalhada desse assunto, <strong>talvez aqui n\u00e3o seja o lugar em que voc\u00ea vai encontrar (hehe).<\/strong>&nbsp; <\/p>\n\n\n\n<p>A psicologia n\u00e3o pode trazer interpreta\u00e7\u00f5es sobre pequenos recortes de comportamentos da vida de algu\u00e9m. Afinal, n\u00e3o estar\u00edamos levando em considera\u00e7\u00e3o todos os poss\u00edveis atravessamentos que ocorrem em sua hist\u00f3ria.&nbsp; <\/p>\n\n\n\n<p>E, al\u00e9m disso, essa pessoa n\u00e3o poder\u00e1 se beneficiar dessas hip\u00f3teses e reflex\u00f5es. Ent\u00e3o, qual seria o prop\u00f3sito? Seria anti\u00e9tico da nossa parte!<\/p>\n\n\n\n<p>Mas, a gente pode se beneficiar muito dessa reflex\u00e3o! E \u00e9 isso que queremos trazer para voc\u00eas! Uma reflex\u00e3o sobre como isso impacta diretamente a vida das pessoas. \ud83d\udc83<\/p>\n\n\n\n<figure class=\"wp-block-image aligncenter size-full\"><img fetchpriority=\"high\" decoding=\"async\" width=\"413\" height=\"498\" src=\"https:\/\/quepaz.cc\/wp-content\/uploads\/2024\/02\/margot-robbie-barbie-movie.gif\" alt=\"barbie press\u00e3o est\u00e9tica\" class=\"wp-image-4759\"\/><\/figure>\n\n\n\n<h3 class=\"wp-block-heading\"><em>O que isso nos mostra?<\/em><\/h3>\n\n\n\n<p><strong>Mas o que essa situa\u00e7\u00e3o nos mostra?<\/strong> Para isso, vamos pensar juntos em como a sociedade impacta diretamente a nossa individualidade.&nbsp;<\/p>\n\n\n\n<p><strong>N\u00f3s n\u00e3o somos uma ilha! <\/strong>Logo, somos afetados e afetamos o sistema em que vivemos. <\/p>\n\n\n\n<p>A sociedade, a cultura e a economia afetam nossas comunidades, que afetam nossa fam\u00edlia e, por consequ\u00eancia, a nossa individualidade. Portanto, ao pensar em press\u00e3o est\u00e9tica, existe uma triste realidade: nossa sociedade <strong>exige <\/strong>que sejamos mulheres magras, <strong>dentro de um padr\u00e3o muito espec\u00edfico.&nbsp;<\/strong><\/p>\n\n\n\n<p>Eu e voc\u00ea fazemos parte dessa sociedade. Assim, como sair\u00edamos ilesas? (fica aqui o meu desejo de um abra\u00e7o coletivo bem apertado \ud83d\udc9b)<\/p>\n\n\n\n<h2 class=\"wp-block-heading\">O que \u00e9 press\u00e3o est\u00e9tica?&nbsp;<\/h2>\n\n\n\n<p>A press\u00e3o est\u00e9tica tem a ver com a nossa imagem corporal. E isso tem <em>muuuito<\/em> a ver com press\u00e3o social. Ou seja, <strong>\u00e9 como o contexto social \u00e0 nossa volta indica o que \u00e9 considerado &#8220;belo&#8221; e &#8220;n\u00e3o belo&#8221;,<\/strong> incluindo normas est\u00e9ticas f\u00edsicas e outras caracter\u00edsticas tal como roupas e moda. <\/p>\n\n\n\n<p>Por ser uma constru\u00e7\u00e3o social, ela n\u00e3o \u00e9 algo que sempre existiu na natureza e <strong>nem \u00e9 imut\u00e1vel<\/strong>.<strong> <\/strong>E se a gente pensar bem, essa diferen\u00e7a pode ser bem clara quando pensamos em cultura e tempo.<\/p>\n\n\n\n<p><strong>Ao longo das diferentes d\u00e9cadas, essas defini\u00e7\u00f5es sofreram muitas altera\u00e7\u00f5es.<\/strong> A representa\u00e7\u00e3o de caracter\u00edsticas f\u00edsicas de beleza teve uma altera\u00e7\u00e3o gigantesca ao longo dos anos. Sendo ainda maior se a gente pensar nos s\u00e9culos passados. <\/p>\n\n\n\n<p>E n\u00e3o somente ao longo dos anos, mas ainda sim no momento presente ao pensarmos em diferentes culturas. A cultura coreana, por exemplo, possui um padr\u00e3o de beleza definido por olhos grandes, pele clara e nariz fino e pontudo. A <strong>Coreia do Sul<\/strong> \u00e9 muito conhecida por sua alta press\u00e3o est\u00e9tica, elevando o n\u00edvel de cirurgias pl\u00e1sticas no pa\u00eds.<\/p>\n\n\n\n<figure class=\"wp-block-embed is-type-video is-provider-tiktok wp-block-embed-tiktok\"><div class=\"wp-block-embed__wrapper\">\n<blockquote class=\"tiktok-embed\" cite=\"https:\/\/www.tiktok.com\/@aleanjs\/video\/7261242997293976837\" data-video-id=\"7261242997293976837\" data-embed-from=\"oembed\" style=\"max-width: 605px;min-width: 325px;\" > <section> <a target=\"_blank\" title=\"@aleanjs\" href=\"https:\/\/www.tiktok.com\/@aleanjs?refer=embed\">@aleanjs<\/a> <p>Eu nao savia se ria ou chorava <\/p> <a target=\"_blank\" title=\"\u266c \uc624\ub9ac\uc9c0\ub110 \uc0ac\uc6b4\ub4dc - ale anjos . \uc54c\ub808\" href=\"https:\/\/www.tiktok.com\/music\/\uc624\ub9ac\uc9c0\ub110-\uc0ac\uc6b4\ub4dc-7261243022906460933?refer=embed\">\u266c \uc624\ub9ac\uc9c0\ub110 \uc0ac\uc6b4\ub4dc &#8211; ale anjos . \uc54c\ub808<\/a> <\/section> <\/blockquote> <script async src=\"https:\/\/www.tiktok.com\/embed.js\"><\/script>\n<\/div><\/figure>\n\n\n\n<h3 class=\"wp-block-heading\">Como o contexto social colabora para essa quest\u00e3o?<\/h3>\n\n\n\n<p>O contexto social tem o poder de estabelecer associa\u00e7\u00f5es entre determinadas partes do corpo como caracter\u00edsticas positivas ou negativas. Afinal, quem \u00e9 que n\u00e3o se sente refor\u00e7ado quando recebe um <strong>elogio<\/strong> de algu\u00e9m?<\/p>\n\n\n\n<p>Somos influenciados a todo o momento pelas dicas que recebemos \u00e0 nossa volta. Seja um elogio a uma determinada caracter\u00edstica nossa ou de outra pessoa, seja propagandas e marcas indicando o que \u00e9 &#8220;o belo&#8221;. E assim, sem pensar muito, criamos a ideia de beleza.<\/p>\n\n\n\n<p>A problem\u00e1tica dessa quest\u00e3o \u00e9 que essa <strong>obsess\u00e3o <\/strong>pela busca da beleza e as constantes informa\u00e7\u00f5es sociais (o que as pessoas \u00e0 nossa volta dizem, propagandas, \u00eddolos e compara\u00e7\u00e3o nas redes sociais) podem gerar um sofrimento imenso na aceita\u00e7\u00e3o de quem somos e na nossa felicidade, pois tudo isso acaba refor\u00e7ando que<em> &#8220;n\u00e3o somos o suficiente&#8221;.&nbsp;<\/em><\/p>\n\n\n\n<h2 class=\"wp-block-heading\">Como a press\u00e3o est\u00e9tica afeta a confian\u00e7a das mulheres?<\/h2>\n\n\n\n<p>Como falamos antes, <strong>a press\u00e3o est\u00e9tica atravessa a todos n\u00f3s<\/strong>, uma vez que fazemos parte desse contexto e dessa sociedade que&nbsp; tanto exige da nossa apar\u00eancia f\u00edsica. Ent\u00e3o, por mais que busquemos nos desconstruir, ainda temos uma press\u00e3o muito intensa de familiares, das redes sociais, do entretenimento que consumimos!&nbsp;<\/p>\n\n\n\n<p>E aqui queremos fazer um par\u00eanteses importante: n\u00f3s, autoras desse texto, sabemos que temos alguns privil\u00e9gios por estarmos pr\u00f3ximas a esse padr\u00e3o. Mulheres brancas, magras, de um contexto social espec\u00edfico. <\/p>\n\n\n\n<p>A press\u00e3o que n\u00f3s sofremos \u00e9 diferente de uma mulher preta, por exemplo. Mas isso n\u00e3o significa que n\u00e3o sofremos dessa press\u00e3o! Todas n\u00f3s estamos atravessadas por isso, afetando como nos enxergamos em uma foto, no espelho, dentro de uma rela\u00e7\u00e3o, em uma roda de conversa.<\/p>\n\n\n\n<p>O padr\u00e3o \u00e9 cruel e ele muda constantemente. Portanto, refor\u00e7amos a import\u00e2ncia de buscar<strong> refer\u00eancias diferentes! <\/strong>Ampliar o seu olhar para distintas belezas! Vamos dar dicas incr\u00edveis logo abaixo!<\/p>\n\n\n\n<figure class=\"wp-block-image aligncenter size-full\"><img decoding=\"async\" width=\"450\" height=\"246\" src=\"http:\/\/quepaz.cc\/wp-content\/uploads\/2024\/02\/beyonce-botox.gif\" alt=\"\" class=\"wp-image-4761\"\/><\/figure>\n\n\n\n<h2 class=\"wp-block-heading\">Como lidar com a press\u00e3o est\u00e9tica?<\/h2>\n\n\n\n<p>Lidar com essa press\u00e3o pode ser uma tarefa muito desafiadora. Por isso, pensamos em alguns fatores protetivos e cuidados que devemos ter com n\u00f3s mesmos e as nossas rela\u00e7\u00f5es.<\/p>\n\n\n\n<h3 class=\"wp-block-heading\">1 &#8211; <strong>Cuidado com quem seguimos na internet. <\/strong><\/h3>\n\n\n\n<p>Primeiramente, observar como nos sentimos em rela\u00e7\u00e3o a \u00eddolos e influenciadores que seguimos pode ser bem importante para o nosso autocuidado. <\/p>\n\n\n\n<p>Note as pessoas que voc\u00ea segue e o quanto isso desperta emo\u00e7\u00f5es e pensamentos dif\u00edceis. Isso pode ser um sinal importante para pararmos e, ent\u00e3o, repensarmos o qu\u00e3o bem essa exposi\u00e7\u00e3o est\u00e1 me fazendo. <\/p>\n\n\n\n<p>Por isso, separamos para voc\u00eas, com muito carinho, algumas influenciadoras da vida real que podem trazer sensa\u00e7\u00f5es de acolhimento com o pr\u00f3prio corpo. \u00c9 s\u00f3 clicar na imagem que voc\u00ea pode entrar no perfil delas! Bora seguir mais experi\u00eancias positivas de aceita\u00e7\u00e3o e sa\u00fade \ud83e\udd73<\/p>\n\n\n\n<figure class=\"wp-block-image aligncenter size-large\"><a href=\"https:\/\/www.instagram.com\/p\/Ctrg5hRsXN1\/?igsh=Znk3enU1ZGNibGw4&amp;img_index=1\" target=\"_blank\" rel=\"noreferrer noopener\"><img decoding=\"async\" width=\"1024\" height=\"676\" src=\"http:\/\/quepaz.cc\/wp-content\/uploads\/2024\/02\/WhatsApp-Image-2024-02-17-at-11.46.32-1024x676.jpeg\" alt=\"\" class=\"wp-image-4768\" srcset=\"https:\/\/quepaz.cc\/wp-content\/uploads\/2024\/02\/WhatsApp-Image-2024-02-17-at-11.46.32-1024x676.jpeg 1024w, https:\/\/quepaz.cc\/wp-content\/uploads\/2024\/02\/WhatsApp-Image-2024-02-17-at-11.46.32-300x198.jpeg 300w, https:\/\/quepaz.cc\/wp-content\/uploads\/2024\/02\/WhatsApp-Image-2024-02-17-at-11.46.32-768x507.jpeg 768w, https:\/\/quepaz.cc\/wp-content\/uploads\/2024\/02\/WhatsApp-Image-2024-02-17-at-11.46.32.jpeg 1183w\" sizes=\"(max-width: 1024px) 100vw, 1024px\" \/><\/a><figcaption class=\"wp-element-caption\"><sup><em>&#8220;Uma foto &#8216;ruim&#8217; n\u00e3o significa que voc\u00ea tem um corpo ruim&#8221;<\/em><\/sup><\/figcaption><\/figure>\n\n\n\n<figure class=\"wp-block-image aligncenter size-full\"><a href=\"https:\/\/www.instagram.com\/p\/C1cIYG-u7Hz\/\" target=\"_blank\" rel=\"noreferrer noopener\"><img loading=\"lazy\" decoding=\"async\" width=\"947\" height=\"766\" src=\"http:\/\/quepaz.cc\/wp-content\/uploads\/2024\/02\/WhatsApp-Image-2024-02-17-at-11.47.37.jpeg\" alt=\"\" class=\"wp-image-4766\" srcset=\"https:\/\/quepaz.cc\/wp-content\/uploads\/2024\/02\/WhatsApp-Image-2024-02-17-at-11.47.37.jpeg 947w, https:\/\/quepaz.cc\/wp-content\/uploads\/2024\/02\/WhatsApp-Image-2024-02-17-at-11.47.37-300x243.jpeg 300w, https:\/\/quepaz.cc\/wp-content\/uploads\/2024\/02\/WhatsApp-Image-2024-02-17-at-11.47.37-768x621.jpeg 768w\" sizes=\"(max-width: 947px) 100vw, 947px\" \/><\/a><figcaption class=\"wp-element-caption\"><sup><em>&#8220;O que eu como em um dia como uma mulher gorda se curando na sua rela\u00e7\u00e3o com a comida&#8221;<\/em><\/sup><\/figcaption><\/figure>\n\n\n\n<figure class=\"wp-block-image size-large\"><img loading=\"lazy\" decoding=\"async\" width=\"1024\" height=\"586\" src=\"http:\/\/quepaz.cc\/wp-content\/uploads\/2024\/02\/WhatsApp-Image-2024-02-17-at-11.49.09-1024x586.jpeg\" alt=\"press\u00e3o est\u00e9tica\" class=\"wp-image-4765\" srcset=\"https:\/\/quepaz.cc\/wp-content\/uploads\/2024\/02\/WhatsApp-Image-2024-02-17-at-11.49.09-1024x586.jpeg 1024w, https:\/\/quepaz.cc\/wp-content\/uploads\/2024\/02\/WhatsApp-Image-2024-02-17-at-11.49.09-300x172.jpeg 300w, https:\/\/quepaz.cc\/wp-content\/uploads\/2024\/02\/WhatsApp-Image-2024-02-17-at-11.49.09-768x440.jpeg 768w, https:\/\/quepaz.cc\/wp-content\/uploads\/2024\/02\/WhatsApp-Image-2024-02-17-at-11.49.09.jpeg 1203w\" sizes=\"(max-width: 1024px) 100vw, 1024px\" \/><\/figure>\n\n\n\n<figure class=\"wp-block-image aligncenter size-large\"><img loading=\"lazy\" decoding=\"async\" width=\"1024\" height=\"729\" src=\"http:\/\/quepaz.cc\/wp-content\/uploads\/2024\/02\/WhatsApp-Image-2024-02-17-at-11.47.06-1024x729.jpeg\" alt=\"\" class=\"wp-image-4767\" srcset=\"https:\/\/quepaz.cc\/wp-content\/uploads\/2024\/02\/WhatsApp-Image-2024-02-17-at-11.47.06-1024x729.jpeg 1024w, https:\/\/quepaz.cc\/wp-content\/uploads\/2024\/02\/WhatsApp-Image-2024-02-17-at-11.47.06-300x213.jpeg 300w, https:\/\/quepaz.cc\/wp-content\/uploads\/2024\/02\/WhatsApp-Image-2024-02-17-at-11.47.06-768x546.jpeg 768w, https:\/\/quepaz.cc\/wp-content\/uploads\/2024\/02\/WhatsApp-Image-2024-02-17-at-11.47.06.jpeg 1078w\" sizes=\"(max-width: 1024px) 100vw, 1024px\" \/><figcaption class=\"wp-element-caption\"><sup><em>&#8220;Voc\u00ea ainda n\u00e3o conheceu todas as pessoas que v\u00e3o te amar. Mas talvez voc\u00ea pudesse come\u00e7ar com a garota no espelho.&#8221;<\/em><\/sup><\/figcaption><\/figure>\n\n\n\n<p><em>que compilado incr\u00edvel de mulheres lindas, n\u00e3o \u00e9???<\/em><\/p>\n\n\n\n<h3 class=\"wp-block-heading\">2 &#8211; <strong>Observe suas rela\u00e7\u00f5es.<\/strong> <\/h3>\n\n\n\n<p>Como j\u00e1 vimos anteriormente, os contextos t\u00eam muita for\u00e7a na nossa vida, \u00e0s vezes a ideia de que a aceita\u00e7\u00e3o vai vir do c\u00e9u enquanto nosso contexto est\u00e1 sendo hostil com a gente n\u00e3o \u00e9 verdadeira. <\/p>\n\n\n\n<p>Em alguns ambientes, nossos pensamentos e emo\u00e7\u00f5es dolorosas podem crescer de tamanho. Ent\u00e3o, reavalie rela\u00e7\u00f5es e contextos que voc\u00ea est\u00e1 mantendo, as vezes o afastamento pode ser protetivo para n\u00f3s. E quando dizemos afastamento, n\u00e3o necessariamente \u00e9 um afastamento completo. <\/p>\n\n\n\n<p>A gente ter consci\u00eancia dos momentos em que estamos prontos para lidar com algum tipo de coment\u00e1rio e quando n\u00e3o estamos faz muita diferen\u00e7a para dizermos: &#8220;eu n\u00e3o estou bem no dia de hoje para me encontrar com essa pessoa&#8221;. <\/p>\n\n\n\n<p>Ali\u00e1s, isso cabe muito bem para relacionamentos de fam\u00edlia, inclusive.&nbsp;<\/p>\n\n\n\n<h3 class=\"wp-block-heading\">3 &#8211; <strong>N\u00e3o poder\u00edamos deixar de lado a nossa querida psicoterapia.<\/strong><\/h3>\n\n\n\n<p>Trabalhar a nossa imagem corporal, autoaceita\u00e7\u00e3o, autoestima ou at\u00e9 nossa rela\u00e7\u00e3o com os nossos pensamentos cr\u00edticos pode ser extremamente importante para que a gente consiga caminhar em dire\u00e7\u00e3o a uma vida com mais felicidade e sa\u00fade mental.<\/p>\n\n\n\n<p><a href=\"https:\/\/quepaz.cc\/index.php\/therapy-match\/\" target=\"_blank\" rel=\"noreferrer noopener\">Clique aqui para dar uma olhada no Therapy Match<\/a>, nossa forma de conectar voc\u00ea \u00e0 nossa psic\u00f3loga que mais combina com sua personalidade e seus objetivos :).<\/p>\n\n\n\n<h3 class=\"wp-block-heading\">4 &#8211; <strong>E por \u00faltimo mas n\u00e3o menos importante, a habilidade de autocompaix\u00e3o.<\/strong> <\/h3>\n\n\n\n<p>Essa habilidade pode ser transformadora e pode ser trabalhada tamb\u00e9m em psicoterapia. <\/p>\n\n\n\n<p>\u00c0s vezes vamos estar em contextos que geram desconforto em n\u00f3s ou mesmo vamos ter pensamentos e emo\u00e7\u00f5es dolorosas sobre n\u00f3s mesmos. Todos temos esses dias e nos identificamos com isso. <\/p>\n\n\n\n<p>Mas a gente aprender a se acolher e sermos o nosso melhor abra\u00e7o pode ser o rem\u00e9dio mais poderoso nesses momentos.<\/p>\n\n\n\n<blockquote class=\"wp-block-quote has-text-align-right is-layout-flow wp-block-quote-is-layout-flow\">\n<h3 class=\"wp-block-heading has-text-align-right\"><em>&#8220;a autocompaix\u00e3o honra o fato de todos os seres humanos serem fal\u00edveis&#8221;<\/em><\/h3>\n<cite>Kristin Neff<\/cite><\/blockquote>\n","protected":false},"excerpt":{"rendered":"<p>Voc\u00ea j\u00e1 olhou para o espelho e n\u00e3o gostou do que viu? Bom, saiba que a vida \u00e9 assim para a maioria das mulheres &#8211; mas n\u00e3o precisa ser. Vem ver mais sobre press\u00e3o est\u00e9tica e como combat\u00ea-la no seu dia a dia.<\/p>\n","protected":false},"author":1,"featured_media":4776,"comment_status":"open","ping_status":"open","sticky":false,"template":"","format":"standard","meta":{"footnotes":""},"categories":[107],"tags":[149,178,134],"class_list":["post-4757","post","type-post","status-publish","format-standard","has-post-thumbnail","hentry","category-bem-estar","tag-bem-estar","tag-estetica","tag-relacoes"],"_links":{"self":[{"href":"https:\/\/quepaz.cc\/index.php\/wp-json\/wp\/v2\/posts\/4757","targetHints":{"allow":["GET"]}}],"collection":[{"href":"https:\/\/quepaz.cc\/index.php\/wp-json\/wp\/v2\/posts"}],"about":[{"href":"https:\/\/quepaz.cc\/index.php\/wp-json\/wp\/v2\/types\/post"}],"author":[{"embeddable":true,"href":"https:\/\/quepaz.cc\/index.php\/wp-json\/wp\/v2\/users\/1"}],"replies":[{"embeddable":true,"href":"https:\/\/quepaz.cc\/index.php\/wp-json\/wp\/v2\/comments?post=4757"}],"version-history":[{"count":7,"href":"https:\/\/quepaz.cc\/index.php\/wp-json\/wp\/v2\/posts\/4757\/revisions"}],"predecessor-version":[{"id":4775,"href":"https:\/\/quepaz.cc\/index.php\/wp-json\/wp\/v2\/posts\/4757\/revisions\/4775"}],"wp:featuredmedia":[{"embeddable":true,"href":"https:\/\/quepaz.cc\/index.php\/wp-json\/wp\/v2\/media\/4776"}],"wp:attachment":[{"href":"https:\/\/quepaz.cc\/index.php\/wp-json\/wp\/v2\/media?parent=4757"}],"wp:term":[{"taxonomy":"category","embeddable":true,"href":"https:\/\/quepaz.cc\/index.php\/wp-json\/wp\/v2\/categories?post=4757"},{"taxonomy":"post_tag","embeddable":true,"href":"https:\/\/quepaz.cc\/index.php\/wp-json\/wp\/v2\/tags?post=4757"}],"curies":[{"name":"wp","href":"https:\/\/api.w.org\/{rel}","templated":true}]}}