{"id":3673,"date":"2023-05-17T12:00:00","date_gmt":"2023-05-17T12:00:00","guid":{"rendered":"https:\/\/quepaz.cc\/?p=3673"},"modified":"2025-11-05T18:33:34","modified_gmt":"2025-11-05T18:33:34","slug":"abuso-sexual-infantil","status":"publish","type":"post","link":"https:\/\/quepaz.cc\/index.php\/2023\/05\/17\/abuso-sexual-infantil\/","title":{"rendered":"Abuso sexual infantil: sinais, consequ\u00eancias e como ajudar"},"content":{"rendered":"\n<p>\u26a0\ufe0f<strong> Importante<\/strong>! Esse \u00e9 um conte\u00fado muito sens\u00edvel sobre <strong>abuso sexual infanti<\/strong>l, ent\u00e3o, sugerimos que voc\u00ea leia com cautela. Tomando muito cuidado com seus sentimentos durante a leitura.&nbsp;<\/p>\n\n\n\n<p>Na minha pr\u00e1tica cl\u00ednica, eu trabalho muito com a inf\u00e2ncia e eu entendo qu\u00e3o desconfort\u00e1vel pode ser falar sobre isso. Mas o <strong>conhecimento<\/strong> \u00e9 uma forma vital de cuidado. S\u00f3 assim, n\u00f3s iremos impedir que isso ocorra com outras vidas.\u00a0<\/p>\n\n\n\n<p>O dia 18 de Maio \u00e9 uma data importante quando falamos sobre seguran\u00e7a infantil. Esse \u00e9 o dia em que foi institu\u00eddo, por lei, O Dia Nacional de Combate ao Abuso e \u00e0 Explora\u00e7\u00e3o Sexual contra Crian\u00e7a e Adolescente. <\/p>\n\n\n\n<p>A prote\u00e7\u00e3o \u00e0 inf\u00e2ncia \u00e9 um direito assegurado pelo Estatuto da Crian\u00e7a e do Adolescente e deveria ser uma prioridade de aten\u00e7\u00e3o e cuidado de toda a sociedade. Entretanto, casos de abuso infantil ocorrem em frequ\u00eancia assustadora e muitas vezes, muito pr\u00f3ximo de n\u00f3s.<\/p>\n\n\n\n<p>Se voc\u00ea gostaria de se informar mais a respeito desse tema, sente-se dispon\u00edvel no seu emocional para a leitura agora e, assim como eu, acredita no poder de uma sociedade mais nutriz, emp\u00e1tica e cuidadosa para com a etapa mais vital de nossas vidas, continua rolando para baixo \u2b07\ufe0f<\/p>\n\n\n\n<h2 class=\"wp-block-heading\" id=\"h-o-que-se-caracteriza-como-abuso-sexual-infantil\">O que se caracteriza como abuso sexual infantil?<\/h2>\n\n\n\n<p>Podemos caracterizar o abuso sexual infantil como <strong>o envolvimento de uma crian\u00e7a numa atividade sexual que seja incapaz de compreender por completo<\/strong> e para a qual a crian\u00e7a se manifeste prematura no desenvolvimento.\u00a0<\/p>\n\n\n\n<p>Al\u00e9m do contato sexual direto, tamb\u00e9m s\u00e3o exemplos: abuso verbal (conversas sobre atividades sexuais), exibir ou coagir a crian\u00e7a a mostrar seus \u00f3rg\u00e3os sexuais, exibi\u00e7\u00e3o de material pornogr\u00e1fico para crian\u00e7a ou\u00a0filmagem de conte\u00fados sexuais envolvendo crian\u00e7as.<\/p>\n\n\n\n<p>Por fim, \u00e9 importante frisar que quando falamos de crian\u00e7as, <strong>com menos de 14 anos, n\u00e3o h\u00e1 consentimento<\/strong>!<\/p>\n\n\n\n<p>Infelizmente, a grande maioria das crian\u00e7as conhece quem a violentou. Quando falamos em abuso sexual infantil, no geral, h\u00e1 uma din\u00e2mica entre abusador e v\u00edtima. A crian\u00e7a, que vive em seu mundo inocente, confia naquela pessoa.<\/p>\n\n\n\n<figure class=\"wp-block-image aligncenter size-thumbnail is-style-rounded\"><img decoding=\"async\" width=\"150\" height=\"150\" src=\"https:\/\/quepaz.cc\/wp-content\/uploads\/2023\/05\/Abuso-infantil-Ivan-Knyazec-150x150.jpg\" alt=\"abuso sexual infantil: dicas e cuidados\" class=\"wp-image-3742\" srcset=\"https:\/\/quepaz.cc\/wp-content\/uploads\/2023\/05\/Abuso-infantil-Ivan-Knyazec-150x150.jpg 150w, https:\/\/quepaz.cc\/wp-content\/uploads\/2023\/05\/Abuso-infantil-Ivan-Knyazec-1015x1024.jpg 1015w, https:\/\/quepaz.cc\/wp-content\/uploads\/2023\/05\/Abuso-infantil-Ivan-Knyazec-768x775.jpg 768w, https:\/\/quepaz.cc\/wp-content\/uploads\/2023\/05\/Abuso-infantil-Ivan-Knyazec.jpg 1128w\" sizes=\"(max-width: 150px) 100vw, 150px\" \/><figcaption class=\"wp-element-caption\"><sup><em>Fonte: Ivan Knyazec<\/em><\/sup><\/figcaption><\/figure>\n\n\n\n<h2 class=\"wp-block-heading\">Sinais de viol\u00eancia e abuso sexual infantil<\/h2>\n\n\n\n<p>\u00c9 dif\u00edcil colocarmos os sinais que a crian\u00e7a pode demonstrar em uma caixinha. Afinal, isso pode mudar de crian\u00e7a para crian\u00e7a. \u00c9 importante que a gente possa entender todo o seu mundo para, da\u00ed, concluir que aquela crian\u00e7a foi exposta a uma viol\u00eancia sexual. Mas, de qualquer forma, trouxe alguns <strong>pontos importantes<\/strong> para que voc\u00ea possa observar! T\u00e1 bem?\u00a0<\/p>\n\n\n\n<h3 class=\"wp-block-heading\">1. <em>Mudan\u00e7a abrupta do modo de agir<\/em><\/h3>\n\n\n\n<p>A mudan\u00e7a de comportamento, em um primeiro momento, \u201csem motivo\u201d, pode se\u00a0apresentar como uma forma que a crian\u00e7a encontrou para lidar com a apresenta\u00e7\u00e3o precoce a est\u00edmulos com os quais ela n\u00e3o deveria estar sendo exposta, ela fica perdida, assustada e confusa.\u00a0<\/p>\n\n\n\n<p>Por exemplo, uma crian\u00e7a comunicativa e expansiva, se mostre mais t\u00edmida e retra\u00edda. Isolamento, <a href=\"https:\/\/quepaz.cc\/index.php\/2022\/12\/02\/ansiedade\/\" target=\"_blank\" rel=\"noreferrer noopener\">ansiedade<\/a> e medo tamb\u00e9m s\u00e3o comportamentos que podem surgir em mais intensidade e os pais e cuidadores devem lev\u00e1-los a s\u00e9rio.<\/p>\n\n\n\n<p><strong>**<\/strong> em muitos casos, as mudan\u00e7as s\u00e3o sutis. Isso refor\u00e7a, ent\u00e3o, a import\u00e2ncia da aten\u00e7\u00e3o social \u00e0 crian\u00e7a e adolescente, de um olhar constante e atento dos cuidadores e fortalecimento de uma rede de apoio confi\u00e1vel e segura.<\/p>\n\n\n\n<h3 class=\"wp-block-heading\">2. <em>Regress\u00e3o de comportamentos&nbsp;pode ser sinal de abuso infantil<\/em><\/h3>\n\n\n\n<p>Quando falamos de crian\u00e7as, podemos pensar em fases de desenvolvimento e comportamentos que cada uma delas pode atingir.<\/p>\n\n\n\n<p>Caso a crian\u00e7a volte a exibir alguns\u00a0comportamentos que j\u00e1 haviam sido superados e que remetem a uma <strong>fase anterior<\/strong>, por exemplo:<\/p>\n\n\n\n<ul class=\"wp-block-list\">\n<li>medos que j\u00e1 haviam sido superados;<\/li>\n\n\n\n<li>brinquedos esquecidos;<\/li>\n\n\n\n<li>solicitar ajuda para atividades que j\u00e1 domina;<\/li>\n\n\n\n<li>&nbsp;choro desproporcional a situa\u00e7\u00f5es que antes eram naturais;<\/li>\n\n\n\n<li>por fim,&nbsp;tentar resgatar h\u00e1bitos antigos pode ser um sinal importante de que um abuso est\u00e1 ocorrendo.<\/li>\n<\/ul>\n\n\n\n<h3 class=\"wp-block-heading\">3. <em>Neglig\u00eancia&nbsp;<\/em><\/h3>\n\n\n\n<p>Muitas vezes, o abuso sexual n\u00e3o ocorre sozinho, podendo ser acompanhado de outros tipos de maus tratos que a crian\u00e7a sofre. Uma crian\u00e7a que passa muito tempo <strong>sem supervis\u00e3o<\/strong> ou que n\u00e3o tem o apoio emocional da fam\u00edlia, por exemplo, estar\u00e1 em situa\u00e7\u00e3o de maior vulnerabilidade.\u00a0<\/p>\n\n\n\n<h3 class=\"wp-block-heading\">4. <em>Comportamentos sexualizados<\/em><\/h3>\n\n\n\n<p>A crian\u00e7a e o adolescente, quando expostos a uma atividade sexual, podem ficar muito confusos! Afinal, eles n\u00e3o est\u00e3o prontos no f\u00edsico e no <a href=\"https:\/\/quepaz.cc\/index.php\/2023\/04\/10\/emocoes\/\" target=\"_blank\" rel=\"noreferrer noopener\">emocional<\/a> para essa etapa de suas vidas.\u00a0<\/p>\n\n\n\n<p>Ent\u00e3o, quando isso infelizmente ocorre, podemos observar alguns comportamentos que n\u00e3o condizem com sua idade, como <strong>mostrar as partes \u00edntimas <\/strong>ou at\u00e9 estimular-se.\u00a0<\/p>\n\n\n\n<p><span style=\"text-decoration: underline;\">IMPORTANTE<\/span>: isso n\u00e3o quer dizer que a crian\u00e7a quis aquela intera\u00e7\u00e3o!\u00a0Significa que aquilo foi algo que a deixou muito confusa e que seu c\u00e9rebro <strong>n\u00e3o<\/strong> est\u00e1 maduro o suficiente para entender o que ocorreu.<\/p>\n\n\n\n<h3 class=\"wp-block-heading\">5. <em>Proximidade excessiva&nbsp;<\/em><\/h3>\n\n\n\n<p>Na imensa maioria dos casos de abuso infantil o abusador \u00e9 algu\u00e9m muito pr\u00f3ximo da fam\u00edlia e que tem a confian\u00e7a de todos. A pessoa que voc\u00ea menos imagina, pode ser um abusador.<\/p>\n\n\n\n<p>Eu sei que parece exagero ou excesso de cuidado, mas \u00e9 aquele ditado, \u00e9 melhor <strong>prevenir<\/strong> do que remediar.<\/p>\n\n\n\n<p>Abusadores s\u00e3o excelentes em camuflar os seus abusos e manipular a crian\u00e7a de modo a muitas vezes gerar at\u00e9 uma afei\u00e7\u00e3o da crian\u00e7a por eles. Lembra que eu comentei l\u00e1 em cima que na maioria das vezes o abusador \u00e9 algu\u00e9m que faz parte do <strong>c\u00edrculo social<\/strong> da fam\u00edlia?\u00a0<\/p>\n\n\n\n<p>Se algu\u00e9m pr\u00f3ximo a voc\u00ea\u00a0tem uma rela\u00e7\u00e3o muito \u00edntima, uma proximidade excessiva, faz pedidos desproporcionais, por exemplo: que a crian\u00e7a sente no colo ou passe tempo sozinho sem necessidade aparente, desconfie!\u00a0<\/p>\n\n\n\n<p>\u00c9 como eu disse, pode n\u00e3o ser nada, mas n\u00e3o custa nada verificar, n\u00e9?<\/p>\n\n\n\n<h3 class=\"wp-block-heading\">6. <em>Machucados e roupas compridas&nbsp;<\/em><\/h3>\n\n\n\n<p>Mudan\u00e7as na forma de se vestir ou incompatibilidade da roupa com o contexto, podem ser sinal de que h\u00e1 uma viol\u00eancia ou abuso presente.&nbsp;<\/p>\n\n\n\n<p><em>Mais um lembrete importante!<\/em><\/p>\n\n\n\n<p>N\u00e3o h\u00e1 estudos que demonstrem a incid\u00eancia das ditas \u201cfalsas mem\u00f3rias\u201d, onde, em teoria, a crian\u00e7a fabricaria mem\u00f3rias sobre fatos ligados ao abuso.<\/p>\n\n\n\n<p>Al\u00e9m disso, estat\u00edsticas mostram que na imensa maioria das vezes, os relatos\u00a0das crian\u00e7as s\u00e3o <strong>verdadeiros<\/strong> e quando n\u00e3o s\u00e3o, muitas vezes \u00e9 por coer\u00e7\u00e3o de um adulto mal-intencionado.<\/p>\n\n\n\n<p>Portanto, se a crian\u00e7a for forte e corajosa o suficiente para compartilhar a situa\u00e7\u00e3o de um abuso com voc\u00ea, <strong>ACREDITE<\/strong> na crian\u00e7a e por mais dif\u00edcil que seja lidar com isso, <strong>honre<\/strong> a confian\u00e7a que ela depositou em voc\u00ea, denuncie!\u00a0<\/p>\n\n\n\n<figure class=\"wp-block-image aligncenter size-medium\"><a href=\"https:\/\/www.instagram.com\/p\/CjoeVeXOaxJ\/?igshid=NjZiM2M3MzIxNA%3D%3D\" target=\"_blank\" rel=\"noreferrer noopener\"><img fetchpriority=\"high\" decoding=\"async\" width=\"237\" height=\"300\" src=\"https:\/\/quepaz.cc\/wp-content\/uploads\/2023\/05\/4-modos-criancas-quepaz-no-instagram-237x300.jpeg\" alt=\"4 modos crian\u00e7as para nos auxiliar na hora de agir\" class=\"wp-image-3756\" srcset=\"https:\/\/quepaz.cc\/wp-content\/uploads\/2023\/05\/4-modos-criancas-quepaz-no-instagram-237x300.jpeg 237w, https:\/\/quepaz.cc\/wp-content\/uploads\/2023\/05\/4-modos-criancas-quepaz-no-instagram.jpeg 593w\" sizes=\"(max-width: 237px) 100vw, 237px\" \/><\/a><figcaption class=\"wp-element-caption\"><sup><strong><a href=\"https:\/\/www.instagram.com\/p\/CjoeVeXOaxJ\/?igshid=NjZiM2M3MzIxNA%3D%3D\" target=\"_blank\" rel=\"noreferrer noopener\">QuePaz no Instagram!<\/a><\/strong><\/sup><\/figcaption><\/figure>\n\n\n\n<h2 class=\"wp-block-heading\">Quais as consequ\u00eancias do abuso na crian\u00e7a ou adolescente?<\/h2>\n\n\n\n<p>Ser v\u00edtima de um abuso sexual \u00e9 uma experi\u00eancia traum\u00e1tica para qualquer um, em qualquer idade. Imagina ent\u00e3o ter que passar por isso quando voc\u00ea n\u00e3o faz <strong>a menor ideia<\/strong> do que isso significa.<\/p>\n\n\n\n<p>Al\u00e9m das sensa\u00e7\u00f5es de desamparo, medo, incompreens\u00e3o e vulnerabilidade que essa experi\u00eancia traz, o abuso sexual infantil traz marcas para o resto da vida da pessoa.&nbsp;<\/p>\n\n\n\n<p>No come\u00e7o, a crian\u00e7a pode apresentar dificuldade para se concentrar, para ficar sozinho, em seguir a sua rotina de forma normal e se sentir insegura.<\/p>\n\n\n\n<p>A m\u00e9dio e longo prazo, \u00e9 prov\u00e1vel que v\u00e3o surgir quest\u00f5es ligadas a:&nbsp;<\/p>\n\n\n\n<ul class=\"wp-block-list\">\n<li>auto imagem, <\/li>\n\n\n\n<li>auto confian\u00e7a, <\/li>\n\n\n\n<li>cren\u00e7as sobre si mesmo de uma forma muito negativa, <\/li>\n\n\n\n<li>sensa\u00e7\u00e3o de <strong>culpa<\/strong> ou de que ela fez algo errado.<\/li>\n<\/ul>\n\n\n\n<p>\u00c0s vezes, a crian\u00e7a ou jovem pode at\u00e9 pensar que ela mereceu aquilo. Afinal, \u00e9 isso que os abusadores e uma parcela da sociedade repete para ela v\u00e1rias vezes.\u00a0E cabe a n\u00f3s, profissionais e cuidadores, fazer com que ela entenda que <strong>a culpa n\u00e3o \u00e9 dela<\/strong>.<\/p>\n\n\n\n<p>E \u00e9 claro, quando n\u00e3o h\u00e1 um acompanhamento terap\u00eautico e al\u00e9m de tudo uma rede de apoio psicol\u00f3gico para essas crian\u00e7as e adolescentes, eles se tornam muito mais suscet\u00edveis a desenvolver uma s\u00e9rie de transtornos mentais como: ansiedade, <a href=\"https:\/\/quepaz.cc\/index.php\/2023\/01\/30\/depressao\/\" target=\"_blank\" rel=\"noreferrer noopener\">depress\u00e3o<\/a> e <a href=\"https:\/\/quepaz.cc\/index.php\/2023\/01\/16\/tept\/\" target=\"_blank\" rel=\"noreferrer noopener\">transtorno de estresse p\u00f3s-traum\u00e1tico<\/a>.<\/p>\n\n\n\n<p>Eles tamb\u00e9m podem somatizar essa experi\u00eancia. Assim, demonstram todo esse sofrimento atrav\u00e9s de doen\u00e7as que n\u00e3o s\u00e3o tipicamente psicol\u00f3gicas, como rea\u00e7\u00f5es al\u00e9rgicas e quedas de cabelo.\u00a0<\/p>\n\n\n\n<h2 class=\"wp-block-heading\">Como denunciar uma crian\u00e7a desaparecida ou v\u00edtima de abuso?<\/h2>\n\n\n\n<p>Para denunciar um abuso infantil basta ligar para o n\u00famero <strong>100<\/strong>, o atendimento \u00e9 cem por cento <strong>sigiloso<\/strong> e a liga\u00e7\u00e3o \u00e9 gratuita. Ap\u00f3s a den\u00fancia, os \u00f3rg\u00e3os respons\u00e1veis ser\u00e3o sinalizados em at\u00e9 24h para averiguar a situa\u00e7\u00e3o e tomar as devidas provid\u00eancias.\u00a0<\/p>\n\n\n\n<h3 class=\"wp-block-heading\">18 de maio: por que a data \u00e9 importante?<\/h3>\n\n\n\n<p>O motivo de voc\u00ea estar lendo esse texto essa semana e do dia 18 de maio ser reconhecido como o <strong>Dia Nacional de Combate ao Abuso e \u00e0 Explora\u00e7\u00e3o Sexual de Crian\u00e7as e Adolescentes<\/strong> est\u00e1 ligado a um triste crime que ocorreu em 1973.<\/p>\n\n\n\n<p>H\u00e1 quarenta anos atr\u00e1s, a menina Araceli, de apenas 8 anos foi sequestrada e encontrada morta e desfigurada com sinais de viol\u00eancia sexual. At\u00e9 hoje os respons\u00e1veis est\u00e3o impunes devido ao arquivamento do caso devido as alega\u00e7\u00f5es de aus\u00eancia de provas.<\/p>\n\n\n\n<p>Essa data representa Araceli, mas tamb\u00e9m milh\u00f5es de meninos e meninas. \u00c9 uma data para refletir, lutar, conscientizar e se mobilizar em prol da quebra de tabus e engajamento social, PRECISAMOS proteger nossas crian\u00e7as!<\/p>\n\n\n\n<h2 class=\"wp-block-heading\">A import\u00e2ncia da terapia em casos de abuso infantil<\/h2>\n\n\n\n<p>Infelizmente, eu n\u00e3o posso afirmar que o abuso sexual, mesmo quando tratado precocemente e interrompido, n\u00e3o vai deixar marcas.&nbsp;<\/p>\n\n\n\n<p>Mas, com a terapia \u00e9 poss\u00edvel restaurar o amor pr\u00f3prio e a prote\u00e7\u00e3o contra <strong>revitimiza\u00e7\u00e3o<\/strong>. Ou seja, impedir que a pessoa que sofreu abuso na inf\u00e2ncia ou na adolesc\u00eancia volte a passar por isso.<\/p>\n\n\n\n<p>Al\u00e9m das quest\u00f5es que eu escrevi acima, que podem perdurar at\u00e9 a fase adulta, a terapia vai ser um lugar de <strong>acolhimento<\/strong> e de discuss\u00e3o. \u00c9 o lugar em que a crian\u00e7a vai conseguir compreender (na linguagem e no tempo dela) que a situa\u00e7\u00e3o que ela passou n\u00e3o deveria ter ocorrido e que ela n\u00e3o teve culpa <strong>alguma<\/strong> sobre aquilo.<\/p>\n\n\n\n<p>A terapia tamb\u00e9m \u00e9 vital para <strong>ensinarmos<\/strong> as crian\u00e7as a se protegerem, reconhecer sinais de alerta, comportamentos inadequados ou aproxima\u00e7\u00f5es perigosas de adultos mal intencionados e assim, falarem com seus respons\u00e1veis sobre situa\u00e7\u00f5es de risco.<\/p>\n\n\n\n<p>\u00c9 com o <a href=\"https:\/\/quepaz.cc\/index.php\/2023\/02\/28\/quando-procurar-um-psicologo\/\" target=\"_blank\" rel=\"noreferrer noopener\">psic\u00f3logo<\/a> que os pequenos v\u00e3o aprender a <strong>nomear<\/strong> tudo o que est\u00e3o sentindo e dar um lugar pra isso, para que flores\u00e7a amor e respeito em meio a uma experi\u00eancia de sofrimento.<\/p>\n\n\n\n<p>Por fim, \u00e9 na terapia que essas crian\u00e7as podem aprender <strong>estrat\u00e9gias de enfrentamento <\/strong>que ser\u00e3o valiosas tanto nesse per\u00edodo, quanto na vida adulta. Al\u00e9m disso, v\u00e3o tamb\u00e9m fortalecer redes de apoio que s\u00e3o valiosas para casos de abuso.<\/p>\n\n\n\n<p>Se voc\u00ea chegou at\u00e9 aqui, queria agradecer pela tua disponibilidade e validar o teu interesse pelo tema, sua disposi\u00e7\u00e3o pode, literalmente, salvar vidas!<\/p>\n\n\n\n<p>N\u00e3o discutir o abuso sexual s\u00f3 aumenta o tabu sobre o tema e impossibilita a emerg\u00eancia de pol\u00edticas p\u00fablicas, conscientiza\u00e7\u00e3o e medidas de prote\u00e7\u00e3o.<\/p>\n\n\n\n<p>Quanto mais falarmos sobre, ensinarmos nossas crian\u00e7as a identificarem sinais de risco e aumentarmos a monitoria parental, escolar e social, mais <strong>protegida<\/strong> estar\u00e1 a inf\u00e2ncia e mais emp\u00e1ticos estaremos enquanto sociedade.<\/p>\n\n\n\n<h4 class=\"wp-block-heading\">Espero que tenha sido uma leitura \u00fatil, nos vemos em breve!<\/h4>\n\n\n\n<p>Um beijo, Gabi.<\/p>\n","protected":false},"excerpt":{"rendered":"<p>O abuso sexual infantil pode ser um tabu, mas \u00e9 vital saber os sinais e riscos para que possamos proteger nossas crian\u00e7as e adolescentes. Veja nesse texto tudo que voc\u00ea precisa saber para poder, literalmente, salvar vidas.<\/p>\n","protected":false},"author":1,"featured_media":3742,"comment_status":"open","ping_status":"open","sticky":false,"template":"","format":"standard","meta":{"footnotes":""},"categories":[7],"tags":[129,90,130],"class_list":["post-3673","post","type-post","status-publish","format-standard","has-post-thumbnail","hentry","category-familia","tag-abuso","tag-emocoes","tag-sinais"],"_links":{"self":[{"href":"https:\/\/quepaz.cc\/index.php\/wp-json\/wp\/v2\/posts\/3673","targetHints":{"allow":["GET"]}}],"collection":[{"href":"https:\/\/quepaz.cc\/index.php\/wp-json\/wp\/v2\/posts"}],"about":[{"href":"https:\/\/quepaz.cc\/index.php\/wp-json\/wp\/v2\/types\/post"}],"author":[{"embeddable":true,"href":"https:\/\/quepaz.cc\/index.php\/wp-json\/wp\/v2\/users\/1"}],"replies":[{"embeddable":true,"href":"https:\/\/quepaz.cc\/index.php\/wp-json\/wp\/v2\/comments?post=3673"}],"version-history":[{"count":24,"href":"https:\/\/quepaz.cc\/index.php\/wp-json\/wp\/v2\/posts\/3673\/revisions"}],"predecessor-version":[{"id":3761,"href":"https:\/\/quepaz.cc\/index.php\/wp-json\/wp\/v2\/posts\/3673\/revisions\/3761"}],"wp:featuredmedia":[{"embeddable":true,"href":"https:\/\/quepaz.cc\/index.php\/wp-json\/wp\/v2\/media\/3742"}],"wp:attachment":[{"href":"https:\/\/quepaz.cc\/index.php\/wp-json\/wp\/v2\/media?parent=3673"}],"wp:term":[{"taxonomy":"category","embeddable":true,"href":"https:\/\/quepaz.cc\/index.php\/wp-json\/wp\/v2\/categories?post=3673"},{"taxonomy":"post_tag","embeddable":true,"href":"https:\/\/quepaz.cc\/index.php\/wp-json\/wp\/v2\/tags?post=3673"}],"curies":[{"name":"wp","href":"https:\/\/api.w.org\/{rel}","templated":true}]}}