{"id":3441,"date":"2023-03-13T12:00:00","date_gmt":"2023-03-13T12:00:00","guid":{"rendered":"https:\/\/quepaz.cc\/?p=3441"},"modified":"2025-11-05T19:30:00","modified_gmt":"2025-11-05T19:30:00","slug":"5-mitos-e-verdades-da-psiquiatria","status":"publish","type":"post","link":"https:\/\/quepaz.cc\/index.php\/2023\/03\/13\/5-mitos-e-verdades-da-psiquiatria\/","title":{"rendered":"5 mitos e verdades da Psiquiatria: desconstruindo conceitos."},"content":{"rendered":"\n<p>Voc\u00ea j\u00e1 se deparou com muitos mitos e conceitos equivocados sobre a <strong>Psiquiatria<\/strong>?<\/p>\n\n\n\n<p>A Psiquiatria \u00e9 rodeada por v\u00e1rios mitos! Talvez voc\u00ea acredite que o psiquiatra \u00e9 um profissional que s\u00f3 trata de transtornos mentais graves, como esquizofrenia e transtorno bipolar. Ou, ainda, que o tratamento psiqui\u00e1trico \u00e9 ineficaz ou perigoso. E sim, o psiquiatra \u00e9 <strong>essencial<\/strong> para tratamentos mais graves! Mas nosso trabalho vai muito al\u00e9m disso!&nbsp;<\/p>\n\n\n\n<p>No texto de hoje, vamos explicar <strong>5 mitos e verdades da Psiquiatria<\/strong>, e, juntos, pensaremos: Ser\u00e1 que eles impedem as pessoas de buscar ajuda adequada para os seus problemas emocionais e mentais? E, afinal de contas, o que \u00e9 a Psiquiatria e como ela pode ajudar no cuidado da nossa sa\u00fade mental?<\/p>\n\n\n\n<h2 class=\"wp-block-heading\">Para que serve o m\u00e9dico psiquiatra?<\/h2>\n\n\n\n<p>Antes de desconstruir esses conceitos, precisamos falar sobre que tipo de profissional estamos falando. O m\u00e9dico psiquiatra \u00e9 um profissional que cuida da <strong>sa\u00fade mental<\/strong>! <\/p>\n\n\n\n<p>Ele \u00e9 respons\u00e1vel por prevenir, diagnosticar e tratar transtornos mentais e emocionais. Assim, ele identifica sintomas e problemas, recomendando o tratamento mais adequado poss\u00edvel! <\/p>\n\n\n\n<p>E esse tratamento pode incluir a prescri\u00e7\u00e3o de medicamentos, a realiza\u00e7\u00e3o de terapias e acompanhamento da evolu\u00e7\u00e3o do tratamento.<\/p>\n\n\n\n<figure class=\"wp-block-image aligncenter size-thumbnail is-style-rounded\"><img decoding=\"async\" width=\"150\" height=\"150\" src=\"https:\/\/quepaz.cc\/wp-content\/uploads\/2023\/03\/psiquiatria-david-lineton-150x150.png\" alt=\"mitos e verdades da psiquiatria\" class=\"wp-image-3460\"\/><figcaption class=\"wp-element-caption\"><sup>Fonte: David Lineton<\/sup><\/figcaption><\/figure>\n\n\n\n<h3 class=\"wp-block-heading\"><strong>T\u00e1 bem\u2026 mas qual \u00e9 a diferen\u00e7a entre psiquiatria e psicologia?<\/strong><\/h3>\n\n\n\n<p>As duas \u00e1reas tem profissionais da sa\u00fade mental que podem ajudar as pessoas a lidar com problemas emocionais e transtornos mentais. A grande diferen\u00e7a entre eles est\u00e1 em sua <strong>forma\u00e7\u00e3o<\/strong>.<\/p>\n\n\n\n<p>O psiquiatra \u00e9 um profissional <strong>m\u00e9dico<\/strong>, que depois da sua forma\u00e7\u00e3o em medicina se especializa na \u00e1rea da psiquiatria atrav\u00e9s de uma resid\u00eancia ou p\u00f3s gradua\u00e7\u00e3o. Al\u00e9m disso, o nosso corpo \u00e9 um s\u00f3! E, assim, algumas quest\u00f5es de sa\u00fade podem levar a sintomas ps\u00edquicos. Por exemplo, doen\u00e7as auto imunes ou at\u00e9 problemas da tireoide podem levar a <a href=\"https:\/\/quepaz.cc\/index.php\/2023\/01\/30\/depressao\/\" target=\"_blank\" rel=\"noreferrer noopener\">depress\u00e3o<\/a> e <a href=\"https:\/\/quepaz.cc\/index.php\/2022\/12\/02\/ansiedade\/\" target=\"_blank\" rel=\"noreferrer noopener\">ansiedade<\/a>.<\/p>\n\n\n\n<p>J\u00e1 o psic\u00f3logo \u00e9 um profissional que se forma em <strong>psicologia<\/strong> e pode trabalhar em diferentes \u00e1reas, como cl\u00ednica, escolar, organizacional, entre outras. Ele usa a psicoterapia como principal ferramenta para ajudar seus pacientes a lidar com problemas emocionais e comportamentais.<\/p>\n\n\n\n<p>Mas preste muita aten\u00e7\u00e3o: eles n\u00e3o s\u00e3o excludentes! Muito pelo contr\u00e1rio! Ambos s\u00e3o vitais para a sa\u00fade mental e podem <strong>trabalhar<\/strong> <strong>juntos<\/strong> para trazer um tratamento mais completo ao paciente.<\/p>\n\n\n\n<h2 class=\"wp-block-heading\"><strong>5 Mitos e Verdades da Psiquiatria<\/strong><\/h2>\n\n\n\n<p>Agora que entendemos o que esse profissional faz, que tal come\u00e7armos a derrubar alguns tabus? O meu papel aqui vai ser tentar te explicar sobre <strong>5 mitos e verdades da Psiquiatria<\/strong>. Afinal, com informa\u00e7\u00e3o, poderemos combater os preconceitos envolvendo esse tema.<\/p>\n\n\n\n<h3 class=\"wp-block-heading\">1. <strong>S\u00f3 se vai ao psiquiatra em casos graves<\/strong><\/h3>\n\n\n\n<p>Esse \u00e9 um mito muito comum e que precisa ser derrubado! N\u00e3o precisamos ir ao psiquiatra s\u00f3 em casos graves. Quanto mais cedo se procura ajuda, mais f\u00e1cil \u00e9 tratar a doen\u00e7a mental e melhorar a <strong>qualidade de vida<\/strong> de quem est\u00e1 sofrendo.<\/p>\n\n\n\n<p>Buscar um psiquiatra no in\u00edcio dos sintomas pode ser algo muito ben\u00e9fico! Assim, com um diagn\u00f3stico precoce, podemos cuidar daqueles sintomas e propor cuidados al\u00e9m da medica\u00e7\u00e3o!<br>Logo, primeiro mito derrubado \ud83e\udd2f, vamos pro pr\u00f3ximo.<\/p>\n\n\n\n<h3 class=\"wp-block-heading\">2. <strong>Rem\u00e9dios psiqui\u00e1tricos viciam<\/strong><\/h3>\n\n\n\n<p>Imagino que voc\u00ea j\u00e1 escutou que rem\u00e9dios psiqui\u00e1tricos viciam, n\u00e3o \u00e9? Mas essa cren\u00e7a n\u00e3o \u00e9 verdadeira para a maioria deles! H\u00e1 muitos <strong>tipos<\/strong> <strong>diferentes<\/strong> de medica\u00e7\u00f5es psiqui\u00e1tricas, cada uma com sua pr\u00f3pria finalidade e forma de agir. Por exemplo, os antidepressivos n\u00e3o causam depend\u00eancia qu\u00edmica ou toler\u00e2ncia.<\/p>\n\n\n\n<p>No entanto, alguns rem\u00e9dios psiqui\u00e1tricos, como os <strong>calmantes<\/strong> (clonazepam, diazepam, alprazolam) e indutores de <a href=\"https:\/\/quepaz.cc\/index.php\/2023\/03\/06\/higiene-do-sono\/\" target=\"_blank\" rel=\"noreferrer noopener\">sono<\/a> (zolpidem, zolpiclona), podem sim criar uma adic\u00e7\u00e3o se a pessoa os usar de forma <strong>errada<\/strong>.<\/p>\n\n\n\n<p>Esses medicamentos costumam ser prescritos prescritos para uso a curto prazo durante per\u00edodos de crise e a orienta\u00e7\u00e3o m\u00e9dica \u00e9 vital para que se fa\u00e7a um bom uso deles. O risco est\u00e1 em tomar esses rem\u00e9dios por um longo per\u00edodo ou <strong>sem a supervis\u00e3o<\/strong> de um m\u00e9dico.<\/p>\n\n\n\n<p>Por isso, \u00e9 importante que qualquer pessoa que esteja pensando em tomar rem\u00e9dios psiqui\u00e1tricos fale com seu psiquiatra sobre os benef\u00edcios e riscos do tratamento, e siga as instru\u00e7\u00f5es com <strong>cautela<\/strong> para evitar problemas. Ok?<\/p>\n\n\n\n<h3 class=\"wp-block-heading\">3. <strong>Depress\u00e3o e ansiedade podem impedir algu\u00e9m de trabalhar<\/strong><\/h3>\n\n\n\n<p>Esta \u00e9 uma verdade muito importante de se falar! Al\u00e9m dos efeitos negativos na sa\u00fade mental, essas condi\u00e7\u00f5es tamb\u00e9m podem impactar de forma significativa a vida profissional das pessoas.<\/p>\n\n\n\n<p><strong>IMPORTANT FACT! <\/strong>De acordo com um estudo que a Organiza\u00e7\u00e3o Mundial da Sa\u00fade (OMS) realizou, a depress\u00e3o \u00e9 uma das principais causas de incapacidade em todo o mundo. Em 2015, a depress\u00e3o afetou cerca de <strong>322 milh\u00f5es de pessoas em todo o mundo<\/strong>, representando um aumento de 18,4% desde 2005. <\/p>\n\n\n\n<p>Al\u00e9m disso, a ansiedade afeta cerca de <strong>264 milh\u00f5es de pessoas<\/strong> em todo o mundo, segundo a mesma pesquisa.<\/p>\n\n\n\n<p>A depress\u00e3o e a ansiedade podem ter um grande impacto na capacidade das pessoas em suas <strong>fun\u00e7\u00f5es do dia a dia<\/strong>. Alguns estudos mostram que pessoas com depress\u00e3o e ansiedade t\u00eam mais chances de faltar ao trabalho, apresentar baixo desempenho e at\u00e9 mesmo perder seus empregos.&nbsp;<\/p>\n\n\n\n<p>A depress\u00e3o e a ansiedade tamb\u00e9m podem prejudicar a capacidade de concentra\u00e7\u00e3o e tomada de decis\u00e3o.<em> <\/em>Al\u00e9m de afetar a mem\u00f3ria e a motiva\u00e7\u00e3o. <em>Por isso que a depress\u00e3o pode ser t\u00e3o <strong>paralisante<\/strong>! <\/em>E isso tudo pode afetar nosso desempenho em v\u00e1rias \u00e1reas da vida: trabalho, relacionamentos, estudos\u2026&nbsp;<\/p>\n\n\n\n<p>Mas \u00e9 bom lembrar que podemos tratar essas quest\u00f5es! A <a href=\"https:\/\/quepaz.cc\/index.php\/2023\/02\/28\/quando-procurar-um-psicologo\/\" target=\"_blank\" rel=\"noreferrer noopener\">terapia<\/a> e\/ou medica\u00e7\u00e3o podem aliviar os sintomas e permitir que voc\u00ea retome as atividades do dia-a-dia, incluindo o trabalho. Por isso, \u00e9 importante que empresas criem ambientes de trabalho saud\u00e1veis e acolhedores!&nbsp;<\/p>\n\n\n\n<figure class=\"wp-block-image aligncenter size-medium is-resized\"><a href=\"https:\/\/www.instagram.com\/p\/CjjZ0DJpq0d\/\" target=\"_blank\" rel=\"noreferrer noopener\"><img fetchpriority=\"high\" decoding=\"async\" src=\"https:\/\/quepaz.cc\/wp-content\/uploads\/2023\/03\/WhatsApp-Image-2023-03-12-at-17.07.23-240x300.jpeg\" alt=\"5 mitos e verdades sobre psiquiatria: depress\u00e3o pode incapacitar algu\u00e9m de trabalhar\" class=\"wp-image-3462\" width=\"240\" height=\"300\" srcset=\"https:\/\/quepaz.cc\/wp-content\/uploads\/2023\/03\/WhatsApp-Image-2023-03-12-at-17.07.23-240x300.jpeg 240w, https:\/\/quepaz.cc\/wp-content\/uploads\/2023\/03\/WhatsApp-Image-2023-03-12-at-17.07.23.jpeg 672w\" sizes=\"(max-width: 240px) 100vw, 240px\" \/><\/a><figcaption class=\"wp-element-caption\"><sup><a href=\"https:\/\/www.instagram.com\/p\/CjjZ0DJpq0d\/\" target=\"_blank\" rel=\"noreferrer noopener\"><strong>QuePaz no Instagram!<\/strong><\/a><\/sup><\/figcaption><\/figure>\n\n\n\n<h3 class=\"wp-block-heading\">4. <strong>Ter um transtorno mental \u00e9 coisa de fraco<\/strong><\/h3>\n\n\n\n<p>Talvez esse seja um dos mitos que causam a maior barreira para muitas pessoas buscarem ajuda. No entanto, a <strong>ci\u00eancia<\/strong> nos mostra que isso n\u00e3o poderia estar mais longe da verdade!<\/p>\n\n\n\n<p>Vou te trazer exemplos de famosos, que tal? No esporte, a tenista <strong>Serena Williams<\/strong>, o jogador de basquete <strong>Kevin Love<\/strong> e o corredor <strong>Michael Phelps<\/strong>, j\u00e1 compartilharam sua luta contra a depress\u00e3o e a ansiedade! Eles mostram que exige coragem para enfrentar esses desafios! <\/p>\n\n\n\n<p>V\u00e1rios fatores podem causar os transtornos mentais. Como, por exemplo, fatores biol\u00f3gicos, psicol\u00f3gicos e ambientais. Jamais ser\u00e3o sinais de fraqueza ou falta de car\u00e1ter. Pelo contr\u00e1rio: na minha opini\u00e3o, buscar ajuda \u00e9 sinal de <strong>coragem<\/strong>!<\/p>\n\n\n\n<h3 class=\"wp-block-heading\">5. <strong>O abuso de \u00e1lcool e drogas podem causar um transtorno mental<\/strong><\/h3>\n\n\n\n<p>O abuso de <strong>\u00e1lcool e drogas<\/strong> pode ter efeitos negativos na sa\u00fade mental. Estudos mostram que o uso excessivo dessas subst\u00e2ncias pode prejudicar a sa\u00fade mental daquela pessoa.<\/p>\n\n\n\n<p>Por exemplo, fazer uso de \u00e1lcool por muito tempo pode levar a pessoa a desenvolver transtornos do humor, como a <strong>depress\u00e3o<\/strong>. Assim como o uso de drogas estimulantes pode desencadear alucina\u00e7\u00f5es e del\u00edrios. No mundo da sa\u00fade mental, chamamos isso de sintomas psic\u00f3ticos.<\/p>\n\n\n\n<p>Al\u00e9m disso, abusar de alguma subst\u00e2ncia pode intensificar alguma fragilidade que j\u00e1 existe. Por isso, refor\u00e7o que \u00e9 importante buscar um <strong>profissional<\/strong> para te ajudar com essas quest\u00f5es. Afinal, elas t\u00eam solu\u00e7\u00f5es \u263a\ufe0f.<\/p>\n\n\n\n<p><em>Ufa, foi uma jornada intensa, n\u00e3o \u00e9? <\/em><\/p>\n\n\n\n<p><em>Agora, entendemos os 5 mitos e verdades da Psiquiatria que mais circulam por a\u00ed, derrubamos algumas inverdades e combatemos juntos o estigma. Ent\u00e3o, vamos entender como funciona uma consulta psiqui\u00e1trica?<\/em><\/p>\n\n\n\n<h2 class=\"wp-block-heading\">Como funciona uma consulta de psiquiatria?<\/h2>\n\n\n\n<p>N\u00e3o existe uma <strong>receitinha de bolo<\/strong> dizendo a maneira correta de se fazer uma consulta. Afinal, cada profissional tem seu jeitinho. Contudo, de maneira geral, eles t\u00eam algumas coisas em comum.<\/p>\n\n\n\n<p>No geral, a primeira consulta dura cerca de uma hora e inicia com uma conversa entre o paciente e o psiquiatra. Nesse momento, vamos entender o que levou o paciente a buscar ajuda, sempre buscando entender melhor os sintomas e a <strong>hist\u00f3ria m\u00e9dica<\/strong> do paciente.<\/p>\n\n\n\n<p>Durante a consulta, o psiquiatra pode fazer testes e exames. Al\u00e9m de pedir informa\u00e7\u00f5es sobre o hist\u00f3rico familiar do paciente, seus v\u00ednculos, seu estilo de vida e doen\u00e7as cl\u00ednicas. Com base nessas informa\u00e7\u00f5es, o psiquiatra levanta uma poss\u00edvel <strong>hip\u00f3tese diagn\u00f3stica<\/strong> e sugere um plano de tratamento. <\/p>\n\n\n\n<p>Para tratar, pode surgir a psicoterapia, medica\u00e7\u00e3o, mudan\u00e7a do estilo de vida ou uma combina\u00e7\u00e3o entre tudo isso. <strong>Nesse momento \u00e9 vital tirar todas as tuas d\u00favidas, para se tratar da melhor forma.&nbsp;<\/strong><\/p>\n\n\n\n<p>Se o psiquiatra acreditar que o paciente precisa de rem\u00e9dios, ele vai explicar os efeitos colaterais. O psiquiatra tamb\u00e9m deve explicar como tomar os medicamentos da forma certa e quais s\u00e3o os sinais de alerta que podem indicar que o paciente precisa de mais ajuda.<\/p>\n\n\n\n<p>A consulta psiqui\u00e1trica \u00e9 um processo que o paciente e o psiquiatra <strong>trabalham em conjunto<\/strong>.&nbsp; O psiquiatra \u00e9 respons\u00e1vel por dar o diagn\u00f3stico e o tratamento, mas o paciente \u00e9 o protagonista nessa jornada. <\/p>\n\n\n\n<p>O paciente deve:<\/p>\n\n\n\n<ul class=\"wp-block-list\">\n<li>seguir as instru\u00e7\u00f5es do psiquiatra, <\/li>\n\n\n\n<li>tomar o rem\u00e9dio conforme prescrito, <\/li>\n\n\n\n<li>comparecer \u00e0s consultas de acompanhamento e <\/li>\n\n\n\n<li>informar o psiquiatra sobre quaisquer efeitos colaterais ou mudan\u00e7as em seus sintomas! <\/li>\n<\/ul>\n\n\n\n<p>Juntos, o paciente e o psiquiatra podem trabalhar para alcan\u00e7ar uma melhor sa\u00fade mental e qualidade de vida!&nbsp;<\/p>\n","protected":false},"excerpt":{"rendered":"<p>Conhe\u00e7a 5 mitos e verdades sobre a psiquiatria e entenda melhor sobre como funciona o trabalho desses profissionais!<\/p>\n","protected":false},"author":1,"featured_media":3460,"comment_status":"open","ping_status":"open","sticky":false,"template":"","format":"standard","meta":{"footnotes":""},"categories":[114],"tags":[113,112],"class_list":["post-3441","post","type-post","status-publish","format-standard","has-post-thumbnail","hentry","category-medicacoes","tag-duvidas","tag-psiquiatria"],"_links":{"self":[{"href":"https:\/\/quepaz.cc\/index.php\/wp-json\/wp\/v2\/posts\/3441","targetHints":{"allow":["GET"]}}],"collection":[{"href":"https:\/\/quepaz.cc\/index.php\/wp-json\/wp\/v2\/posts"}],"about":[{"href":"https:\/\/quepaz.cc\/index.php\/wp-json\/wp\/v2\/types\/post"}],"author":[{"embeddable":true,"href":"https:\/\/quepaz.cc\/index.php\/wp-json\/wp\/v2\/users\/1"}],"replies":[{"embeddable":true,"href":"https:\/\/quepaz.cc\/index.php\/wp-json\/wp\/v2\/comments?post=3441"}],"version-history":[{"count":9,"href":"https:\/\/quepaz.cc\/index.php\/wp-json\/wp\/v2\/posts\/3441\/revisions"}],"predecessor-version":[{"id":3469,"href":"https:\/\/quepaz.cc\/index.php\/wp-json\/wp\/v2\/posts\/3441\/revisions\/3469"}],"wp:featuredmedia":[{"embeddable":true,"href":"https:\/\/quepaz.cc\/index.php\/wp-json\/wp\/v2\/media\/3460"}],"wp:attachment":[{"href":"https:\/\/quepaz.cc\/index.php\/wp-json\/wp\/v2\/media?parent=3441"}],"wp:term":[{"taxonomy":"category","embeddable":true,"href":"https:\/\/quepaz.cc\/index.php\/wp-json\/wp\/v2\/categories?post=3441"},{"taxonomy":"post_tag","embeddable":true,"href":"https:\/\/quepaz.cc\/index.php\/wp-json\/wp\/v2\/tags?post=3441"}],"curies":[{"name":"wp","href":"https:\/\/api.w.org\/{rel}","templated":true}]}}